{"id":668,"date":"2026-08-20T09:00:00","date_gmt":"2026-08-20T07:00:00","guid":{"rendered":"http:\/\/centriantiviolenzaer.women.it\/?p=668"},"modified":"2026-08-22T15:05:04","modified_gmt":"2026-08-22T13:05:04","slug":"femminicidio-tania-terrin","status":"publish","type":"post","link":"https:\/\/www.centriantiviolenzaer.it\/index.php\/2026\/08\/20\/femminicidio-tania-terrin\/","title":{"rendered":"Tania Terrin, la denuncia da sola non basta, serve una rete di protezione integrata"},"content":{"rendered":"\n<p class=\"has-text-align-right\">Bologna, 20 agosto 2026<\/p>\n\n\n\n<p class=\"has-text-align-center\"><strong><em>COMUNICATO STAMPA<\/em><\/strong><\/p>\n\n\n\n<p class=\"has-text-align-center\"><strong>Tania Terrin, la denuncia da sola non basta, serve una rete di protezione integrata<\/strong><\/p>\n\n\n\n<p><strong>Il Coordinamento dei Centri antiviolenza dell\u2019Emilia-Romagna interviene&nbsp;sui recenti femminicidi. Si impone una riflessione urgente sull&#8217;efficacia degli strumenti di prevenzione, sulla valutazione del rischio e sulla capacit\u00e0 della rete istituzionale e territoriale di intervenire tempestivamente nelle situazioni di maggiore pericolosit\u00e0.<\/strong><\/p>\n\n\n\n<p>Il femminicidio di Tania Terrin, il sesto dall&#8217;inizio del mese di agosto, richiama con drammatica urgenza l&#8217;attenzione sulla necessit\u00e0 di analizzare in modo approfondito il contesto nel quale maturano i femminicidi e sulle eventuali criticit\u00e0 della rete di protezione.<\/p>\n\n\n\n<p>Quanto riportato sulla stampa,&nbsp; ci impone&nbsp; una riflessione seria sull&#8217;efficacia degli strumenti di prevenzione e tutela e sulla capacit\u00e0 delle istituzioni di intervenire tempestivamente nelle situazioni ad alto rischio.<\/p>\n\n\n\n<p>Dino Keber, aveva alle spalle precedenti denunce per violenza, episodi di stalking, minacce di suicidio e aveva messo in atto almeno un tentativo di strangolamento. Eppure, il provvedimento adottato nei suoi confronti risulta essere stato solo&nbsp; un ammonimento del questore.<\/p>\n\n\n\n<p>Dobbiamo chiederci se tutti i segnali di rischio siano stati correttamente riconosciuti, valutati e affrontati e se la risposta del sistema di protezione sia stata adeguata alla gravit\u00e0 della situazione.<\/p>\n\n\n\n<p>In queste ore, inoltre, leggiamo sulla stampa e sui social, commenti&nbsp; inaccettabili: la colpevolizzazione della vittima. Tania Terrin viene giudicata perch\u00e9, secondo alcune ricostruzioni, \u00ablo perdonava\u00bb. Ma \u00e8 necessario ribadire con chiarezza: il comportamento della vittima non pu\u00f2 mai diventare una giustificazione&nbsp; della violenza subita, n\u00e9 tantomeno una responsabilit\u00e0 per la violenza agita contro di lei.<\/p>\n\n\n\n<p>Le dinamiche della violenza di genere sono spesso caratterizzate da controllo, manipolazione, minacce, aggressioni e apparenti fasi di riconciliazione.<\/p>\n\n\n\n<p>Le oscillazioni emotive delle donne che subiscono violenza \u2014 dalla minimizzazione del pericolo alla determinazione di interrompere la relazione, fino ai sentimenti di colpa, alla paura o alla speranza di un cambiamento \u2014 non possono e non devono essere interpretate come elementi che&nbsp; riducono la credibilit\u00e0 o la gravit\u00e0 della violenza. Sono spesso parte integrante della condizione di violenza e rappresentano, in molti casi, un tentativo di sopravvivere all&#8217;interno di una relazione segnata dal controllo e dal pericolo.<\/p>\n\n\n\n<p>La commissione sul femminicidio presieduta da Valeria Valente, nella scorsa legislatura, aveva evidenziato come nella quasi totalit\u00e0 dei casi in cui una donna era stata uccisa, i centri antiviolenza non erano stati coinvolti. Sono presidi fondamentali nei percorsi delle donne. Le operatrici collaborano con le avvocate, con i servizi territoriali e con l&#8217;intera rete di protezione, e possono monitorare l&#8217;evoluzione delle situazioni di pericolo, sostenere le donne dopo la denuncia e contribuire alla costruzione di percorsi concreti di autonomia e sicurezza. E ospitare le donne\u00a0 nelle case rifugio,\u00a0quando \u00e8 necessario.\u00a0\u00c8 fondamentale\u00a0 investire nella formazione, nel coordinamento tra istituzioni e centri antiviolenza, nella valutazione del rischio e nel rafforzamento delle risorse destinate alla prevenzione e alla protezione.<\/p>\n\n\n\n<p>Non basta sollecitare le donne a denunciare. Quando una donna decide di chiedere aiuto o manifesta la propria paura, intorno a lei deve attivarsi immediatamente una rete capace di ascoltarla, riconoscere la violenza e fornire risposte concrete ed efficaci. Nessuna vittima di violenza deve essere lasciata sola.<\/p>\n\n\n\n<p class=\"has-text-align-right\"><strong>Referente per la stampa<\/strong>:<\/p>\n\n\n\n<p class=\"has-text-align-right\"><strong>Nadia Somma Caiati<\/strong><\/p>\n\n\n\n<p class=\"has-text-align-right\">Ufficio Stampa Coordinamento dei Centri Antiviolenza dell\u2019Emilia-Romagna\u00a0<\/p>\n\n\n\n<p><\/p>\n","protected":false},"excerpt":{"rendered":"<p>Il Coordinamento dei Centri antiviolenza dell\u2019Emilia-Romagna interviene\u00a0sui recenti femminicidi. Si impone una riflessione urgente sull&#8217;efficacia degli strumenti di prevenzione, sulla valutazione del rischio e sulla capacit\u00e0 della rete istituzionale e territoriale di intervenire tempestivamente nelle situazioni di maggiore pericolosit\u00e0.<\/p>\n","protected":false},"author":2,"featured_media":2030,"comment_status":"closed","ping_status":"open","sticky":false,"template":"","format":"standard","meta":{"footnotes":""},"categories":[6,117,28,64],"tags":[12,294,293,23],"class_list":["post-668","post","type-post","status-publish","format-standard","has-post-thumbnail","hentry","category-femminicidio","category-rete-antiviolenza","category-violenza-di-genere","category-violenza-maschile-contro-le-donne","tag-femminicidio","tag-rete-antiviolenza","tag-tania-terrin","tag-violenza-di-genere"],"_links":{"self":[{"href":"https:\/\/www.centriantiviolenzaer.it\/index.php\/wp-json\/wp\/v2\/posts\/668","targetHints":{"allow":["GET"]}}],"collection":[{"href":"https:\/\/www.centriantiviolenzaer.it\/index.php\/wp-json\/wp\/v2\/posts"}],"about":[{"href":"https:\/\/www.centriantiviolenzaer.it\/index.php\/wp-json\/wp\/v2\/types\/post"}],"author":[{"embeddable":true,"href":"https:\/\/www.centriantiviolenzaer.it\/index.php\/wp-json\/wp\/v2\/users\/2"}],"replies":[{"embeddable":true,"href":"https:\/\/www.centriantiviolenzaer.it\/index.php\/wp-json\/wp\/v2\/comments?post=668"}],"version-history":[{"count":110,"href":"https:\/\/www.centriantiviolenzaer.it\/index.php\/wp-json\/wp\/v2\/posts\/668\/revisions"}],"predecessor-version":[{"id":2031,"href":"https:\/\/www.centriantiviolenzaer.it\/index.php\/wp-json\/wp\/v2\/posts\/668\/revisions\/2031"}],"wp:featuredmedia":[{"embeddable":true,"href":"https:\/\/www.centriantiviolenzaer.it\/index.php\/wp-json\/wp\/v2\/media\/2030"}],"wp:attachment":[{"href":"https:\/\/www.centriantiviolenzaer.it\/index.php\/wp-json\/wp\/v2\/media?parent=668"}],"wp:term":[{"taxonomy":"category","embeddable":true,"href":"https:\/\/www.centriantiviolenzaer.it\/index.php\/wp-json\/wp\/v2\/categories?post=668"},{"taxonomy":"post_tag","embeddable":true,"href":"https:\/\/www.centriantiviolenzaer.it\/index.php\/wp-json\/wp\/v2\/tags?post=668"}],"curies":[{"name":"wp","href":"https:\/\/api.w.org\/{rel}","templated":true}]}}